{"id":17624,"date":"2023-07-05T13:15:44","date_gmt":"2023-07-05T13:15:44","guid":{"rendered":"https:\/\/smarttrader.community\/?p=17624"},"modified":"2023-07-05T13:15:58","modified_gmt":"2023-07-05T13:15:58","slug":"anzeichen-fuer-verlangsamung-der-weltwirtschaft-nehmen-zu","status":"publish","type":"post","link":"https:\/\/smarttrader.community\/de\/unkategorisiert\/anzeichen-fuer-verlangsamung-der-weltwirtschaft-nehmen-zu\/","title":{"rendered":"Anzeichen f\u00fcr Verlangsamung der Weltwirtschaft nehmen zu"},"content":{"rendered":"\n<p><\/p>\n\n\n\n<p>Die <strong>Aktienm\u00e4rkte in Europa und New York<\/strong> (im vorb\u00f6rslichen Handel) notieren nach einem ruhigen Start in das dritte Quartal und einer sehr starken Performance der Aktien in der ersten Jahresh\u00e4lfte <strong>niedriger<\/strong>. Auch die M\u00e4rkte in <strong>Asien, insbesondere in China, notieren im Minus.<\/strong><\/p>\n\n\n\n<p>Der <strong>entt\u00e4uschende Aufschwung in China<\/strong>, die <strong>Abschw\u00e4chung der Konjunktur in Europa und den USA<\/strong> sowie Anzeichen daf\u00fcr, dass die Zentralbanken, einschlie\u00dflich der Fed, die <strong>Zinsen weiter anheben<\/strong>, belasten die Stimmung an den M\u00e4rkten &#8211; insbesondere nachdem Aktien, vor allem Mega-Cap-Technologiewerte, die <strong>Wall Street zu \u00fcberzogenen Bewertungen getrieben haben.<\/strong><\/p>\n\n\n\n<p>Die M\u00e4rkte preisen weiterhin eine <strong>weiche Landung<\/strong> oder eine <strong>Rezession <\/strong>ein &#8211; aber angesichts der eindeutigen Anzeichen f\u00fcr eine Verlangsamung der Wirtschaftst\u00e4tigkeit sollte die Frage eher lauten: Wie tief wird die Rezession sein?<\/p>\n\n\n\n<p>Vor allem Mining-Werte haben heute stark verloren, aber in <strong>Europa sind breite Verk\u00e4ufe zu sehen, auch aufgrund der schwindenden Nachfrage aus China.<\/strong> Die Schw\u00e4che in China zeigt sich auch im chinesischen Yuan, der an Wert verlor, obwohl die chinesische Zentralbank die W\u00e4hrung in ihrem t\u00e4glichen Fixing weiterhin st\u00fctzt.<\/p>\n\n\n\n<p>Der <strong>schwindende Optimismus, dass Chinas Aufschwung die Weltwirtschaft ankurbeln kann<\/strong>, war in den letzten Monaten einer der wichtigsten Gegenwinde f\u00fcr Aktien. Wir sehen nun, dass die Erwartungen f\u00fcr das Wachstum in China\/Asien f\u00fcr den Rest des Jahres 2023 weiter zur\u00fcckgeschraubt wurden.<\/p>\n\n\n\n<p>Wir s<strong>ehen den USD aufgrund der steigenden Nachfrage nach sicheren H\u00e4fen wieder st\u00e4rker.<\/strong> Risikoreichere und rohstoffgebundene W\u00e4hrungen, wie der AUD, werden niedriger gehandelt. Der CHF und der JPY k\u00f6nnen aufgrund der (eher) b\u00e4rischen Geldpolitik ihrer Zentralbanken nicht viel von der sinkenden Marktstimmung profitieren.<\/p>\n\n\n\n<p><strong>\ud83d\udc41 ROB'S MARKET OVERVIEW:<\/strong><\/p>\n\n\n\n<ol class=\"wp-block-list\" start=\"5\">\n<li><em>Juli, 2023<\/em><\/li>\n<\/ol>\n\n\n\n<p>\ud83c\uddfa\ud83c\uddf8<strong> US-M\u00e4rkte<\/strong> \u2198\ufe0f<br><em>Zyklische Aktien \u2198\ufe0f<br>Tech\/Wachstumsaktien \u2198\ufe0f<br>Finanzaktien \u27a1\ufe0f\/\u2198\ufe0f<br>Defensive Aktien \u27a1\ufe0f<br>Energieaktien \u2198\ufe0f<br>Rohstoffaktien \u27a1\ufe0f\/\u2197\ufe0f<\/em><\/p>\n\n\n\n<p>\ud83d\udcb1 <strong>Devisenmarkt<\/strong><br><em>USD \u27a1\ufe0f\/\u2197\ufe0f<br>EUR, GBP, CHF, JPY \u27a1\ufe0f<br>AUD, CAD \u2198\ufe0f<\/em><\/p>\n\n\n\n<p>\u2692 <strong>Rohstoffm\u00e4rkte <\/strong>\u27a1\ufe0f\/\u2198\ufe0f<br><em>\u00d6lpreise \u27a1\ufe0f\/\u2198\ufe0f (nach fr\u00fcheren Gewinnen \/ Gegenwind wahrscheinlich)<br>Erdgaspreise \u27a1\ufe0f\/\u2198\ufe0f<br>Metallpreise \u27a1\ufe0f<br>Edelmetallpreise \u27a1\ufe0f<\/em><\/p>\n\n\n\n<p>\u26a1\ufe0f<strong>Kryptow\u00e4hrungen <\/strong>\u27a1\ufe0f\/\u2198\ufe0f<\/p>\n\n\n\n<p><em>(*\u2197\ufe0f bullish, \u2198\ufe0f b\u00e4risch, \u27a1\ufe0f seitw\u00e4rts \/ stabil, \u2195\ufe0f gemischt \/ volatil)<\/em><\/p>\n\n\n\n<p>Dein <strong>Robert<\/strong><\/p>\n","protected":false},"excerpt":{"rendered":"<p>Die Aktienm\u00e4rkte in Europa und New York (im vorb\u00f6rslichen Handel) notieren nach einem ruhigen Start in das dritte Quartal und&#8230;<\/p>\n","protected":false},"author":663,"featured_media":17628,"comment_status":"open","ping_status":"open","sticky":false,"template":"","format":"standard","meta":{"content-type":"","pmpro_default_level":"","_daextam_enable_autolinks":"","footnotes":""},"categories":[299],"tags":[],"class_list":{"0":"post-17624","1":"post","2":"type-post","3":"status-publish","4":"format-standard","5":"has-post-thumbnail","7":"category-unkategorisiert","8":"pmpro-has-access"},"yoast_head":"<!-- This site is optimized with the Yoast SEO plugin v26.8 - https:\/\/yoast.com\/product\/yoast-seo-wordpress\/ -->\n<title>Anzeichen f\u00fcr Verlangsamung der Weltwirtschaft nehmen zu - SmartTrader<\/title>\n<meta name=\"description\" content=\"Anzeichen f\u00fcr Verlangsamung der Weltwirtschaft nehmen zu.\" \/>\n<meta name=\"robots\" content=\"index, follow, max-snippet:-1, max-image-preview:large, max-video-preview:-1\" \/>\n<link rel=\"canonical\" href=\"https:\/\/smarttrader.community\/de\/unkategorisiert\/anzeichen-fuer-verlangsamung-der-weltwirtschaft-nehmen-zu\/\" \/>\n<meta property=\"og:locale\" content=\"de_DE\" \/>\n<meta property=\"og:type\" content=\"article\" \/>\n<meta property=\"og:title\" content=\"Anzeichen f\u00fcr Verlangsamung der Weltwirtschaft nehmen zu - SmartTrader\" \/>\n<meta property=\"og:description\" content=\"Anzeichen f\u00fcr Verlangsamung der Weltwirtschaft nehmen zu.\" \/>\n<meta property=\"og:url\" content=\"https:\/\/smarttrader.community\/de\/unkategorisiert\/anzeichen-fuer-verlangsamung-der-weltwirtschaft-nehmen-zu\/\" \/>\n<meta property=\"og:site_name\" content=\"SmartTrader\" \/>\n<meta property=\"article:published_time\" content=\"2023-07-05T13:15:44+00:00\" \/>\n<meta property=\"article:modified_time\" content=\"2023-07-05T13:15:58+00:00\" \/>\n<meta property=\"og:image\" content=\"https:\/\/smarttrader.community\/wp-content\/uploads\/2023\/07\/Daily-updates-05.07.2023_TITLE_Artboard.webp\" \/>\n\t<meta property=\"og:image:width\" content=\"1081\" \/>\n\t<meta property=\"og:image:height\" content=\"721\" \/>\n\t<meta property=\"og:image:type\" content=\"image\/webp\" \/>\n<meta name=\"author\" content=\"Robert Lindner\" \/>\n<meta name=\"twitter:card\" content=\"summary_large_image\" \/>\n<meta name=\"twitter:label1\" content=\"Verfasst von\" \/>\n\t<meta name=\"twitter:data1\" content=\"Robert Lindner\" \/>\n\t<meta name=\"twitter:label2\" content=\"Gesch\u00e4tzte Lesezeit\" \/>\n\t<meta name=\"twitter:data2\" content=\"2\u00a0Minuten\" \/>\n<script type=\"application\/ld+json\" class=\"yoast-schema-graph\">{\"@context\":\"https:\/\/schema.org\",\"@graph\":[{\"@type\":\"Article\",\"@id\":\"https:\/\/smarttrader.community\/de\/unkategorisiert\/anzeichen-fuer-verlangsamung-der-weltwirtschaft-nehmen-zu\/#article\",\"isPartOf\":{\"@id\":\"https:\/\/smarttrader.community\/de\/unkategorisiert\/anzeichen-fuer-verlangsamung-der-weltwirtschaft-nehmen-zu\/\"},\"author\":{\"name\":\"Robert Lindner\",\"@id\":\"https:\/\/smarttrader.community\/de\/#\/schema\/person\/4f791355f3f400fd2dd91d9c57c4c067\"},\"headline\":\"Anzeichen f\u00fcr Verlangsamung der Weltwirtschaft nehmen zu\",\"datePublished\":\"2023-07-05T13:15:44+00:00\",\"dateModified\":\"2023-07-05T13:15:58+00:00\",\"mainEntityOfPage\":{\"@id\":\"https:\/\/smarttrader.community\/de\/unkategorisiert\/anzeichen-fuer-verlangsamung-der-weltwirtschaft-nehmen-zu\/\"},\"wordCount\":337,\"commentCount\":0,\"image\":{\"@id\":\"https:\/\/smarttrader.community\/de\/unkategorisiert\/anzeichen-fuer-verlangsamung-der-weltwirtschaft-nehmen-zu\/#primaryimage\"},\"thumbnailUrl\":\"https:\/\/smarttrader.community\/wp-content\/uploads\/2023\/07\/Daily-updates-05.07.2023_TITLE_Artboard.webp\",\"articleSection\":[\"Unkategorisiert\"],\"inLanguage\":\"de\",\"potentialAction\":[{\"@type\":\"CommentAction\",\"name\":\"Comment\",\"target\":[\"https:\/\/smarttrader.community\/de\/unkategorisiert\/anzeichen-fuer-verlangsamung-der-weltwirtschaft-nehmen-zu\/#respond\"]}]},{\"@type\":\"WebPage\",\"@id\":\"https:\/\/smarttrader.community\/de\/unkategorisiert\/anzeichen-fuer-verlangsamung-der-weltwirtschaft-nehmen-zu\/\",\"url\":\"https:\/\/smarttrader.community\/de\/unkategorisiert\/anzeichen-fuer-verlangsamung-der-weltwirtschaft-nehmen-zu\/\",\"name\":\"Anzeichen f\u00fcr Verlangsamung der Weltwirtschaft nehmen zu - SmartTrader\",\"isPartOf\":{\"@id\":\"https:\/\/smarttrader.community\/de\/#website\"},\"primaryImageOfPage\":{\"@id\":\"https:\/\/smarttrader.community\/de\/unkategorisiert\/anzeichen-fuer-verlangsamung-der-weltwirtschaft-nehmen-zu\/#primaryimage\"},\"image\":{\"@id\":\"https:\/\/smarttrader.community\/de\/unkategorisiert\/anzeichen-fuer-verlangsamung-der-weltwirtschaft-nehmen-zu\/#primaryimage\"},\"thumbnailUrl\":\"https:\/\/smarttrader.community\/wp-content\/uploads\/2023\/07\/Daily-updates-05.07.2023_TITLE_Artboard.webp\",\"datePublished\":\"2023-07-05T13:15:44+00:00\",\"dateModified\":\"2023-07-05T13:15:58+00:00\",\"author\":{\"@id\":\"https:\/\/smarttrader.community\/de\/#\/schema\/person\/4f791355f3f400fd2dd91d9c57c4c067\"},\"description\":\"Anzeichen f\u00fcr Verlangsamung der Weltwirtschaft nehmen zu.\",\"breadcrumb\":{\"@id\":\"https:\/\/smarttrader.community\/de\/unkategorisiert\/anzeichen-fuer-verlangsamung-der-weltwirtschaft-nehmen-zu\/#breadcrumb\"},\"inLanguage\":\"de\",\"potentialAction\":[{\"@type\":\"ReadAction\",\"target\":[\"https:\/\/smarttrader.community\/de\/unkategorisiert\/anzeichen-fuer-verlangsamung-der-weltwirtschaft-nehmen-zu\/\"]}]},{\"@type\":\"ImageObject\",\"inLanguage\":\"de\",\"@id\":\"https:\/\/smarttrader.community\/de\/unkategorisiert\/anzeichen-fuer-verlangsamung-der-weltwirtschaft-nehmen-zu\/#primaryimage\",\"url\":\"https:\/\/smarttrader.community\/wp-content\/uploads\/2023\/07\/Daily-updates-05.07.2023_TITLE_Artboard.webp\",\"contentUrl\":\"https:\/\/smarttrader.community\/wp-content\/uploads\/2023\/07\/Daily-updates-05.07.2023_TITLE_Artboard.webp\",\"width\":1081,\"height\":721},{\"@type\":\"BreadcrumbList\",\"@id\":\"https:\/\/smarttrader.community\/de\/unkategorisiert\/anzeichen-fuer-verlangsamung-der-weltwirtschaft-nehmen-zu\/#breadcrumb\",\"itemListElement\":[{\"@type\":\"ListItem\",\"position\":1,\"name\":\"Home\",\"item\":\"https:\/\/smarttrader.community\/de\/\"},{\"@type\":\"ListItem\",\"position\":2,\"name\":\"Anzeichen f\u00fcr Verlangsamung der Weltwirtschaft nehmen zu\"}]},{\"@type\":\"WebSite\",\"@id\":\"https:\/\/smarttrader.community\/de\/#website\",\"url\":\"https:\/\/smarttrader.community\/de\/\",\"name\":\"SmartTrader\",\"description\":\"\",\"potentialAction\":[{\"@type\":\"SearchAction\",\"target\":{\"@type\":\"EntryPoint\",\"urlTemplate\":\"https:\/\/smarttrader.community\/de\/?s={search_term_string}\"},\"query-input\":{\"@type\":\"PropertyValueSpecification\",\"valueRequired\":true,\"valueName\":\"search_term_string\"}}],\"inLanguage\":\"de\"},{\"@type\":\"Person\",\"@id\":\"https:\/\/smarttrader.community\/de\/#\/schema\/person\/4f791355f3f400fd2dd91d9c57c4c067\",\"name\":\"Robert Lindner\",\"image\":{\"@type\":\"ImageObject\",\"inLanguage\":\"de\",\"@id\":\"https:\/\/smarttrader.community\/de\/#\/schema\/person\/image\/\",\"url\":\"https:\/\/smarttrader.community\/wp-content\/uploads\/2023\/05\/robert-lindner_avatar_1-96x96.png\",\"contentUrl\":\"https:\/\/smarttrader.community\/wp-content\/uploads\/2023\/05\/robert-lindner_avatar_1-96x96.png\",\"caption\":\"Robert Lindner\"},\"sameAs\":[\"https:\/\/wwww.smarttrader.community\/\"],\"url\":\"https:\/\/smarttrader.community\/de\/author\/robert_smarttrader\/\"}]}<\/script>\n<!-- \/ Yoast SEO plugin. -->","yoast_head_json":{"title":"Anzeichen f\u00fcr Verlangsamung der Weltwirtschaft nehmen zu - SmartTrader","description":"Anzeichen f\u00fcr Verlangsamung der Weltwirtschaft nehmen zu.","robots":{"index":"index","follow":"follow","max-snippet":"max-snippet:-1","max-image-preview":"max-image-preview:large","max-video-preview":"max-video-preview:-1"},"canonical":"https:\/\/smarttrader.community\/de\/unkategorisiert\/anzeichen-fuer-verlangsamung-der-weltwirtschaft-nehmen-zu\/","og_locale":"de_DE","og_type":"article","og_title":"Anzeichen f\u00fcr Verlangsamung der Weltwirtschaft nehmen zu - SmartTrader","og_description":"Anzeichen f\u00fcr Verlangsamung der Weltwirtschaft nehmen zu.","og_url":"https:\/\/smarttrader.community\/de\/unkategorisiert\/anzeichen-fuer-verlangsamung-der-weltwirtschaft-nehmen-zu\/","og_site_name":"SmartTrader","article_published_time":"2023-07-05T13:15:44+00:00","article_modified_time":"2023-07-05T13:15:58+00:00","og_image":[{"width":1081,"height":721,"url":"https:\/\/smarttrader.community\/wp-content\/uploads\/2023\/07\/Daily-updates-05.07.2023_TITLE_Artboard.webp","type":"image\/webp"}],"author":"Robert Lindner","twitter_card":"summary_large_image","twitter_misc":{"Verfasst von":"Robert Lindner","Gesch\u00e4tzte Lesezeit":"2\u00a0Minuten"},"schema":{"@context":"https:\/\/schema.org","@graph":[{"@type":"Article","@id":"https:\/\/smarttrader.community\/de\/unkategorisiert\/anzeichen-fuer-verlangsamung-der-weltwirtschaft-nehmen-zu\/#article","isPartOf":{"@id":"https:\/\/smarttrader.community\/de\/unkategorisiert\/anzeichen-fuer-verlangsamung-der-weltwirtschaft-nehmen-zu\/"},"author":{"name":"Robert Lindner","@id":"https:\/\/smarttrader.community\/de\/#\/schema\/person\/4f791355f3f400fd2dd91d9c57c4c067"},"headline":"Anzeichen f\u00fcr Verlangsamung der Weltwirtschaft nehmen zu","datePublished":"2023-07-05T13:15:44+00:00","dateModified":"2023-07-05T13:15:58+00:00","mainEntityOfPage":{"@id":"https:\/\/smarttrader.community\/de\/unkategorisiert\/anzeichen-fuer-verlangsamung-der-weltwirtschaft-nehmen-zu\/"},"wordCount":337,"commentCount":0,"image":{"@id":"https:\/\/smarttrader.community\/de\/unkategorisiert\/anzeichen-fuer-verlangsamung-der-weltwirtschaft-nehmen-zu\/#primaryimage"},"thumbnailUrl":"https:\/\/smarttrader.community\/wp-content\/uploads\/2023\/07\/Daily-updates-05.07.2023_TITLE_Artboard.webp","articleSection":["Unkategorisiert"],"inLanguage":"de","potentialAction":[{"@type":"CommentAction","name":"Comment","target":["https:\/\/smarttrader.community\/de\/unkategorisiert\/anzeichen-fuer-verlangsamung-der-weltwirtschaft-nehmen-zu\/#respond"]}]},{"@type":"WebPage","@id":"https:\/\/smarttrader.community\/de\/unkategorisiert\/anzeichen-fuer-verlangsamung-der-weltwirtschaft-nehmen-zu\/","url":"https:\/\/smarttrader.community\/de\/unkategorisiert\/anzeichen-fuer-verlangsamung-der-weltwirtschaft-nehmen-zu\/","name":"Anzeichen f\u00fcr Verlangsamung der Weltwirtschaft nehmen zu - SmartTrader","isPartOf":{"@id":"https:\/\/smarttrader.community\/de\/#website"},"primaryImageOfPage":{"@id":"https:\/\/smarttrader.community\/de\/unkategorisiert\/anzeichen-fuer-verlangsamung-der-weltwirtschaft-nehmen-zu\/#primaryimage"},"image":{"@id":"https:\/\/smarttrader.community\/de\/unkategorisiert\/anzeichen-fuer-verlangsamung-der-weltwirtschaft-nehmen-zu\/#primaryimage"},"thumbnailUrl":"https:\/\/smarttrader.community\/wp-content\/uploads\/2023\/07\/Daily-updates-05.07.2023_TITLE_Artboard.webp","datePublished":"2023-07-05T13:15:44+00:00","dateModified":"2023-07-05T13:15:58+00:00","author":{"@id":"https:\/\/smarttrader.community\/de\/#\/schema\/person\/4f791355f3f400fd2dd91d9c57c4c067"},"description":"Anzeichen f\u00fcr Verlangsamung der Weltwirtschaft nehmen zu.","breadcrumb":{"@id":"https:\/\/smarttrader.community\/de\/unkategorisiert\/anzeichen-fuer-verlangsamung-der-weltwirtschaft-nehmen-zu\/#breadcrumb"},"inLanguage":"de","potentialAction":[{"@type":"ReadAction","target":["https:\/\/smarttrader.community\/de\/unkategorisiert\/anzeichen-fuer-verlangsamung-der-weltwirtschaft-nehmen-zu\/"]}]},{"@type":"ImageObject","inLanguage":"de","@id":"https:\/\/smarttrader.community\/de\/unkategorisiert\/anzeichen-fuer-verlangsamung-der-weltwirtschaft-nehmen-zu\/#primaryimage","url":"https:\/\/smarttrader.community\/wp-content\/uploads\/2023\/07\/Daily-updates-05.07.2023_TITLE_Artboard.webp","contentUrl":"https:\/\/smarttrader.community\/wp-content\/uploads\/2023\/07\/Daily-updates-05.07.2023_TITLE_Artboard.webp","width":1081,"height":721},{"@type":"BreadcrumbList","@id":"https:\/\/smarttrader.community\/de\/unkategorisiert\/anzeichen-fuer-verlangsamung-der-weltwirtschaft-nehmen-zu\/#breadcrumb","itemListElement":[{"@type":"ListItem","position":1,"name":"Home","item":"https:\/\/smarttrader.community\/de\/"},{"@type":"ListItem","position":2,"name":"Anzeichen f\u00fcr Verlangsamung der Weltwirtschaft nehmen zu"}]},{"@type":"WebSite","@id":"https:\/\/smarttrader.community\/de\/#website","url":"https:\/\/smarttrader.community\/de\/","name":"SmartTrader","description":"","potentialAction":[{"@type":"SearchAction","target":{"@type":"EntryPoint","urlTemplate":"https:\/\/smarttrader.community\/de\/?s={search_term_string}"},"query-input":{"@type":"PropertyValueSpecification","valueRequired":true,"valueName":"search_term_string"}}],"inLanguage":"de"},{"@type":"Person","@id":"https:\/\/smarttrader.community\/de\/#\/schema\/person\/4f791355f3f400fd2dd91d9c57c4c067","name":"Robert Lindner","image":{"@type":"ImageObject","inLanguage":"de","@id":"https:\/\/smarttrader.community\/de\/#\/schema\/person\/image\/","url":"https:\/\/smarttrader.community\/wp-content\/uploads\/2023\/05\/robert-lindner_avatar_1-96x96.png","contentUrl":"https:\/\/smarttrader.community\/wp-content\/uploads\/2023\/05\/robert-lindner_avatar_1-96x96.png","caption":"Robert Lindner"},"sameAs":["https:\/\/wwww.smarttrader.community\/"],"url":"https:\/\/smarttrader.community\/de\/author\/robert_smarttrader\/"}]}},"_links":{"self":[{"href":"https:\/\/smarttrader.community\/de\/wp-json\/wp\/v2\/posts\/17624","targetHints":{"allow":["GET"]}}],"collection":[{"href":"https:\/\/smarttrader.community\/de\/wp-json\/wp\/v2\/posts"}],"about":[{"href":"https:\/\/smarttrader.community\/de\/wp-json\/wp\/v2\/types\/post"}],"author":[{"embeddable":true,"href":"https:\/\/smarttrader.community\/de\/wp-json\/wp\/v2\/users\/663"}],"replies":[{"embeddable":true,"href":"https:\/\/smarttrader.community\/de\/wp-json\/wp\/v2\/comments?post=17624"}],"version-history":[{"count":0,"href":"https:\/\/smarttrader.community\/de\/wp-json\/wp\/v2\/posts\/17624\/revisions"}],"wp:featuredmedia":[{"embeddable":true,"href":"https:\/\/smarttrader.community\/de\/wp-json\/wp\/v2\/media\/17628"}],"wp:attachment":[{"href":"https:\/\/smarttrader.community\/de\/wp-json\/wp\/v2\/media?parent=17624"}],"wp:term":[{"taxonomy":"category","embeddable":true,"href":"https:\/\/smarttrader.community\/de\/wp-json\/wp\/v2\/categories?post=17624"},{"taxonomy":"post_tag","embeddable":true,"href":"https:\/\/smarttrader.community\/de\/wp-json\/wp\/v2\/tags?post=17624"}],"curies":[{"name":"wp","href":"https:\/\/api.w.org\/{rel}","templated":true}]}}