{"id":21566,"date":"2023-08-30T09:12:53","date_gmt":"2023-08-30T09:12:53","guid":{"rendered":"https:\/\/smarttrader.community\/?p=21566"},"modified":"2023-08-30T09:20:50","modified_gmt":"2023-08-30T09:20:50","slug":"deutsche-spanische-inflationsdaten-verstaerken-sorge-dass-die-inflation-in-der-eurozone-noch-nicht-auf-dem-rueckzug-ist","status":"publish","type":"post","link":"https:\/\/smarttrader.community\/de\/taglicher-marktuberblick\/deutsche-spanische-inflationsdaten-verstaerken-sorge-dass-die-inflation-in-der-eurozone-noch-nicht-auf-dem-rueckzug-ist\/","title":{"rendered":"Deutsche &amp; spanische Inflationsdaten verst\u00e4rken Sorge, dass die Inflation in der Eurozone noch nicht auf dem R\u00fcckzug ist"},"content":{"rendered":"\n<p>\ud83d\udcc6 Mittwoch, 30. August<\/p>\n\n\n\n<p>\u25ba Die<strong> 10-j\u00e4hrige Rendite in Deutschland stieg um f\u00fcnf Basispunkte auf 2,56%<\/strong>, da die Inflationsdaten aus Nordrhein-Westfalen, dem gr\u00f6\u00dften Bundesland Deutschlands, das als Fr\u00fchindikator f\u00fcr die deutsche Inflation gilt, auf einen allgemeinen Anstieg der deutschen Inflation hinwiesen. Die Anleger warten auf die <strong>offiziellen Inflationszahlen im Laufe des Tages <\/strong><em>(14:00 MEZ)<\/em>.<\/p>\n\n\n\n<p>\u25ba Die j\u00fcngsten <strong>US-Arbeitsmarkt- und Verbrauchervertrauensdaten k\u00f6nnten auf ein Ende der Straffung durch die Federal Reserve hindeuten.<\/strong> Die gestrigen <strong>US JOLTs-Daten zeigten, dass im Juli mit 8,827 Mio. deutlich weniger offene Stellen zu besetzen waren als erwartet<\/strong> (9,465 Mio.), wobei die Zahlen des <strong>Vormonats um \u00fcber 400.000 Stellen nach unten korrigiert wurden<\/strong> (und damit ein 2-1\/2-Jahrestief erreichten). Dies ist ein <strong>positives Zeichen daf\u00fcr, dass sich der Arbeitsmarkt entspannt<\/strong>. Es wird<strong> immer wahrscheinlicher, dass die US-Notenbank im September eine weitere Zinspause einlegt<\/strong>, um weitere Daten abzuwarten. Heute stehen mit der ADP-<strong>Besch\u00e4ftigungsver\u00e4nderung weitere Arbeitsmarktdaten an<\/strong> &#8211; ein oft unzuverl\u00e4ssiger Indikator, der aber die positive Stimmung verl\u00e4ngern kann und die Erwartungen f\u00fcr die softe <strong>NFP-Daten am Freitag erh\u00f6hen k\u00f6nnte.<\/strong><\/p>\n\n\n\n<p>\u25ba Die <strong>US-Aktienfutures notieren derzeit unver\u00e4ndert<\/strong>, wobei der S&P 500 am Dienstag deutlich gestiegen ist. Dieser Anstieg wurde durch den Optimismus \u00fcber eine m\u00f6gliche Pause der Federal Reserve bei den Zinserh\u00f6hungen im kommenden Monat verursacht. So stieg der <strong>Nasdaq um 1,74%, der S&P 500 um 1,45% und der Dow Jones um 0,85%.<\/strong><\/p>\n\n\n\n<\/p>\n\n\n\n<p><a href=\"https:\/\/smarttrader.community\/membership-join\">Subscribe<\/a> to see more<\/p>\n\n\n\n<p>\n\n\n\n","protected":false},"excerpt":{"rendered":"<p>\ud83d\udcc6 Mittwoch, 30. August \u25ba Die 10-j\u00e4hrige Rendite in Deutschland stieg um f\u00fcnf Basispunkte auf 2,56%, da die Inflationsdaten aus&#8230;<\/p>\n","protected":false},"author":1,"featured_media":21195,"comment_status":"open","ping_status":"open","sticky":false,"template":"","format":"standard","meta":{"content-type":"","pmpro_default_level":"","_daextam_enable_autolinks":"","footnotes":""},"categories":[172],"tags":[],"class_list":{"0":"post-21566","1":"post","2":"type-post","3":"status-publish","4":"format-standard","5":"has-post-thumbnail","7":"category-taglicher-marktuberblick","8":"pmpro-has-access"},"yoast_head":"<!-- This site is optimized with the Yoast SEO plugin v26.8 - https:\/\/yoast.com\/product\/yoast-seo-wordpress\/ -->\n<title>Deutsche &amp; spanische Inflationsdaten verst\u00e4rken Sorge, dass die Inflation in der Eurozone noch nicht auf dem R\u00fcckzug ist - SmartTrader<\/title>\n<meta name=\"description\" content=\"Deutsche &amp; spanische Inflationsdaten verst\u00e4rken Sorge, dass die Inflation in der Eurozone noch nicht auf dem R\u00fcckzug ist...\" \/>\n<meta name=\"robots\" content=\"index, follow, max-snippet:-1, max-image-preview:large, max-video-preview:-1\" \/>\n<link rel=\"canonical\" href=\"https:\/\/smarttrader.community\/de\/taglicher-marktuberblick\/deutsche-spanische-inflationsdaten-verstaerken-sorge-dass-die-inflation-in-der-eurozone-noch-nicht-auf-dem-rueckzug-ist\/\" \/>\n<meta property=\"og:locale\" content=\"de_DE\" \/>\n<meta property=\"og:type\" content=\"article\" \/>\n<meta property=\"og:title\" content=\"Deutsche &amp; spanische Inflationsdaten verst\u00e4rken Sorge, dass die Inflation in der Eurozone noch nicht auf dem R\u00fcckzug ist - SmartTrader\" \/>\n<meta property=\"og:description\" content=\"Deutsche &amp; spanische Inflationsdaten verst\u00e4rken Sorge, dass die Inflation in der Eurozone noch nicht auf dem R\u00fcckzug ist...\" \/>\n<meta property=\"og:url\" content=\"https:\/\/smarttrader.community\/de\/taglicher-marktuberblick\/deutsche-spanische-inflationsdaten-verstaerken-sorge-dass-die-inflation-in-der-eurozone-noch-nicht-auf-dem-rueckzug-ist\/\" \/>\n<meta property=\"og:site_name\" content=\"SmartTrader\" \/>\n<meta property=\"article:published_time\" content=\"2023-08-30T09:12:53+00:00\" \/>\n<meta property=\"article:modified_time\" content=\"2023-08-30T09:20:50+00:00\" \/>\n<meta property=\"og:image\" content=\"https:\/\/smarttrader.community\/wp-content\/uploads\/2023\/08\/images-16.jpg\" \/>\n\t<meta property=\"og:image:width\" content=\"800\" \/>\n\t<meta property=\"og:image:height\" content=\"500\" \/>\n\t<meta property=\"og:image:type\" content=\"image\/jpeg\" \/>\n<meta name=\"author\" content=\"SmartTrader Analyst Team\" \/>\n<meta name=\"twitter:card\" content=\"summary_large_image\" \/>\n<meta name=\"twitter:label1\" content=\"Verfasst von\" \/>\n\t<meta name=\"twitter:data1\" content=\"SmartTrader Analyst Team\" \/>\n\t<meta name=\"twitter:label2\" content=\"Gesch\u00e4tzte Lesezeit\" \/>\n\t<meta name=\"twitter:data2\" content=\"3\u00a0Minuten\" \/>\n<script type=\"application\/ld+json\" class=\"yoast-schema-graph\">{\"@context\":\"https:\/\/schema.org\",\"@graph\":[{\"@type\":\"Article\",\"@id\":\"https:\/\/smarttrader.community\/de\/taglicher-marktuberblick\/deutsche-spanische-inflationsdaten-verstaerken-sorge-dass-die-inflation-in-der-eurozone-noch-nicht-auf-dem-rueckzug-ist\/#article\",\"isPartOf\":{\"@id\":\"https:\/\/smarttrader.community\/de\/taglicher-marktuberblick\/deutsche-spanische-inflationsdaten-verstaerken-sorge-dass-die-inflation-in-der-eurozone-noch-nicht-auf-dem-rueckzug-ist\/\"},\"author\":{\"name\":\"SmartTrader Analyst Team\",\"@id\":\"https:\/\/smarttrader.community\/de\/#\/schema\/person\/bfe0c456aafbdc04b9707983e59c4e05\"},\"headline\":\"Deutsche &amp; spanische Inflationsdaten verst\u00e4rken Sorge, dass die Inflation in der Eurozone noch nicht auf dem R\u00fcckzug ist\",\"datePublished\":\"2023-08-30T09:12:53+00:00\",\"dateModified\":\"2023-08-30T09:20:50+00:00\",\"mainEntityOfPage\":{\"@id\":\"https:\/\/smarttrader.community\/de\/taglicher-marktuberblick\/deutsche-spanische-inflationsdaten-verstaerken-sorge-dass-die-inflation-in-der-eurozone-noch-nicht-auf-dem-rueckzug-ist\/\"},\"wordCount\":520,\"commentCount\":0,\"image\":{\"@id\":\"https:\/\/smarttrader.community\/de\/taglicher-marktuberblick\/deutsche-spanische-inflationsdaten-verstaerken-sorge-dass-die-inflation-in-der-eurozone-noch-nicht-auf-dem-rueckzug-ist\/#primaryimage\"},\"thumbnailUrl\":\"https:\/\/smarttrader.community\/wp-content\/uploads\/2023\/08\/images-16.jpg\",\"articleSection\":[\"T\u00e4glicher Markt\u00fcberblick\"],\"inLanguage\":\"de\",\"potentialAction\":[{\"@type\":\"CommentAction\",\"name\":\"Comment\",\"target\":[\"https:\/\/smarttrader.community\/de\/taglicher-marktuberblick\/deutsche-spanische-inflationsdaten-verstaerken-sorge-dass-die-inflation-in-der-eurozone-noch-nicht-auf-dem-rueckzug-ist\/#respond\"]}]},{\"@type\":\"WebPage\",\"@id\":\"https:\/\/smarttrader.community\/de\/taglicher-marktuberblick\/deutsche-spanische-inflationsdaten-verstaerken-sorge-dass-die-inflation-in-der-eurozone-noch-nicht-auf-dem-rueckzug-ist\/\",\"url\":\"https:\/\/smarttrader.community\/de\/taglicher-marktuberblick\/deutsche-spanische-inflationsdaten-verstaerken-sorge-dass-die-inflation-in-der-eurozone-noch-nicht-auf-dem-rueckzug-ist\/\",\"name\":\"Deutsche &amp; spanische Inflationsdaten verst\u00e4rken Sorge, dass die Inflation in der Eurozone noch nicht auf dem R\u00fcckzug ist - SmartTrader\",\"isPartOf\":{\"@id\":\"https:\/\/smarttrader.community\/de\/#website\"},\"primaryImageOfPage\":{\"@id\":\"https:\/\/smarttrader.community\/de\/taglicher-marktuberblick\/deutsche-spanische-inflationsdaten-verstaerken-sorge-dass-die-inflation-in-der-eurozone-noch-nicht-auf-dem-rueckzug-ist\/#primaryimage\"},\"image\":{\"@id\":\"https:\/\/smarttrader.community\/de\/taglicher-marktuberblick\/deutsche-spanische-inflationsdaten-verstaerken-sorge-dass-die-inflation-in-der-eurozone-noch-nicht-auf-dem-rueckzug-ist\/#primaryimage\"},\"thumbnailUrl\":\"https:\/\/smarttrader.community\/wp-content\/uploads\/2023\/08\/images-16.jpg\",\"datePublished\":\"2023-08-30T09:12:53+00:00\",\"dateModified\":\"2023-08-30T09:20:50+00:00\",\"author\":{\"@id\":\"https:\/\/smarttrader.community\/de\/#\/schema\/person\/bfe0c456aafbdc04b9707983e59c4e05\"},\"description\":\"Deutsche & spanische Inflationsdaten verst\u00e4rken Sorge, dass die Inflation in der Eurozone noch nicht auf dem R\u00fcckzug ist...\",\"breadcrumb\":{\"@id\":\"https:\/\/smarttrader.community\/de\/taglicher-marktuberblick\/deutsche-spanische-inflationsdaten-verstaerken-sorge-dass-die-inflation-in-der-eurozone-noch-nicht-auf-dem-rueckzug-ist\/#breadcrumb\"},\"inLanguage\":\"de\",\"potentialAction\":[{\"@type\":\"ReadAction\",\"target\":[\"https:\/\/smarttrader.community\/de\/taglicher-marktuberblick\/deutsche-spanische-inflationsdaten-verstaerken-sorge-dass-die-inflation-in-der-eurozone-noch-nicht-auf-dem-rueckzug-ist\/\"]}]},{\"@type\":\"ImageObject\",\"inLanguage\":\"de\",\"@id\":\"https:\/\/smarttrader.community\/de\/taglicher-marktuberblick\/deutsche-spanische-inflationsdaten-verstaerken-sorge-dass-die-inflation-in-der-eurozone-noch-nicht-auf-dem-rueckzug-ist\/#primaryimage\",\"url\":\"https:\/\/smarttrader.community\/wp-content\/uploads\/2023\/08\/images-16.jpg\",\"contentUrl\":\"https:\/\/smarttrader.community\/wp-content\/uploads\/2023\/08\/images-16.jpg\",\"width\":800,\"height\":500},{\"@type\":\"BreadcrumbList\",\"@id\":\"https:\/\/smarttrader.community\/de\/taglicher-marktuberblick\/deutsche-spanische-inflationsdaten-verstaerken-sorge-dass-die-inflation-in-der-eurozone-noch-nicht-auf-dem-rueckzug-ist\/#breadcrumb\",\"itemListElement\":[{\"@type\":\"ListItem\",\"position\":1,\"name\":\"Home\",\"item\":\"https:\/\/smarttrader.community\/de\/\"},{\"@type\":\"ListItem\",\"position\":2,\"name\":\"Deutsche &amp; spanische Inflationsdaten verst\u00e4rken Sorge, dass die Inflation in der Eurozone noch nicht auf dem R\u00fcckzug ist\"}]},{\"@type\":\"WebSite\",\"@id\":\"https:\/\/smarttrader.community\/de\/#website\",\"url\":\"https:\/\/smarttrader.community\/de\/\",\"name\":\"SmartTrader\",\"description\":\"\",\"potentialAction\":[{\"@type\":\"SearchAction\",\"target\":{\"@type\":\"EntryPoint\",\"urlTemplate\":\"https:\/\/smarttrader.community\/de\/?s={search_term_string}\"},\"query-input\":{\"@type\":\"PropertyValueSpecification\",\"valueRequired\":true,\"valueName\":\"search_term_string\"}}],\"inLanguage\":\"de\"},{\"@type\":\"Person\",\"@id\":\"https:\/\/smarttrader.community\/de\/#\/schema\/person\/bfe0c456aafbdc04b9707983e59c4e05\",\"name\":\"SmartTrader Analyst Team\",\"image\":{\"@type\":\"ImageObject\",\"inLanguage\":\"de\",\"@id\":\"https:\/\/smarttrader.community\/de\/#\/schema\/person\/image\/\",\"url\":\"https:\/\/smarttrader.community\/wp-content\/uploads\/2023\/03\/admin_avatar_3-96x96.png\",\"contentUrl\":\"https:\/\/smarttrader.community\/wp-content\/uploads\/2023\/03\/admin_avatar_3-96x96.png\",\"caption\":\"SmartTrader Analyst Team\"},\"sameAs\":[\"https:\/\/smarttrader.community\"],\"url\":\"https:\/\/smarttrader.community\/de\/author\/admin\/\"}]}<\/script>\n<!-- \/ Yoast SEO plugin. -->","yoast_head_json":{"title":"Deutsche &amp; spanische Inflationsdaten verst\u00e4rken Sorge, dass die Inflation in der Eurozone noch nicht auf dem R\u00fcckzug ist - SmartTrader","description":"Deutsche & spanische Inflationsdaten verst\u00e4rken Sorge, dass die Inflation in der Eurozone noch nicht auf dem R\u00fcckzug ist...","robots":{"index":"index","follow":"follow","max-snippet":"max-snippet:-1","max-image-preview":"max-image-preview:large","max-video-preview":"max-video-preview:-1"},"canonical":"https:\/\/smarttrader.community\/de\/taglicher-marktuberblick\/deutsche-spanische-inflationsdaten-verstaerken-sorge-dass-die-inflation-in-der-eurozone-noch-nicht-auf-dem-rueckzug-ist\/","og_locale":"de_DE","og_type":"article","og_title":"Deutsche &amp; spanische Inflationsdaten verst\u00e4rken Sorge, dass die Inflation in der Eurozone noch nicht auf dem R\u00fcckzug ist - SmartTrader","og_description":"Deutsche & spanische Inflationsdaten verst\u00e4rken Sorge, dass die Inflation in der Eurozone noch nicht auf dem R\u00fcckzug ist...","og_url":"https:\/\/smarttrader.community\/de\/taglicher-marktuberblick\/deutsche-spanische-inflationsdaten-verstaerken-sorge-dass-die-inflation-in-der-eurozone-noch-nicht-auf-dem-rueckzug-ist\/","og_site_name":"SmartTrader","article_published_time":"2023-08-30T09:12:53+00:00","article_modified_time":"2023-08-30T09:20:50+00:00","og_image":[{"width":800,"height":500,"url":"https:\/\/smarttrader.community\/wp-content\/uploads\/2023\/08\/images-16.jpg","type":"image\/jpeg"}],"author":"SmartTrader Analyst Team","twitter_card":"summary_large_image","twitter_misc":{"Verfasst von":"SmartTrader Analyst Team","Gesch\u00e4tzte Lesezeit":"3\u00a0Minuten"},"schema":{"@context":"https:\/\/schema.org","@graph":[{"@type":"Article","@id":"https:\/\/smarttrader.community\/de\/taglicher-marktuberblick\/deutsche-spanische-inflationsdaten-verstaerken-sorge-dass-die-inflation-in-der-eurozone-noch-nicht-auf-dem-rueckzug-ist\/#article","isPartOf":{"@id":"https:\/\/smarttrader.community\/de\/taglicher-marktuberblick\/deutsche-spanische-inflationsdaten-verstaerken-sorge-dass-die-inflation-in-der-eurozone-noch-nicht-auf-dem-rueckzug-ist\/"},"author":{"name":"SmartTrader Analyst Team","@id":"https:\/\/smarttrader.community\/de\/#\/schema\/person\/bfe0c456aafbdc04b9707983e59c4e05"},"headline":"Deutsche &amp; spanische Inflationsdaten verst\u00e4rken Sorge, dass die Inflation in der Eurozone noch nicht auf dem R\u00fcckzug ist","datePublished":"2023-08-30T09:12:53+00:00","dateModified":"2023-08-30T09:20:50+00:00","mainEntityOfPage":{"@id":"https:\/\/smarttrader.community\/de\/taglicher-marktuberblick\/deutsche-spanische-inflationsdaten-verstaerken-sorge-dass-die-inflation-in-der-eurozone-noch-nicht-auf-dem-rueckzug-ist\/"},"wordCount":520,"commentCount":0,"image":{"@id":"https:\/\/smarttrader.community\/de\/taglicher-marktuberblick\/deutsche-spanische-inflationsdaten-verstaerken-sorge-dass-die-inflation-in-der-eurozone-noch-nicht-auf-dem-rueckzug-ist\/#primaryimage"},"thumbnailUrl":"https:\/\/smarttrader.community\/wp-content\/uploads\/2023\/08\/images-16.jpg","articleSection":["T\u00e4glicher Markt\u00fcberblick"],"inLanguage":"de","potentialAction":[{"@type":"CommentAction","name":"Comment","target":["https:\/\/smarttrader.community\/de\/taglicher-marktuberblick\/deutsche-spanische-inflationsdaten-verstaerken-sorge-dass-die-inflation-in-der-eurozone-noch-nicht-auf-dem-rueckzug-ist\/#respond"]}]},{"@type":"WebPage","@id":"https:\/\/smarttrader.community\/de\/taglicher-marktuberblick\/deutsche-spanische-inflationsdaten-verstaerken-sorge-dass-die-inflation-in-der-eurozone-noch-nicht-auf-dem-rueckzug-ist\/","url":"https:\/\/smarttrader.community\/de\/taglicher-marktuberblick\/deutsche-spanische-inflationsdaten-verstaerken-sorge-dass-die-inflation-in-der-eurozone-noch-nicht-auf-dem-rueckzug-ist\/","name":"Deutsche &amp; spanische Inflationsdaten verst\u00e4rken Sorge, dass die Inflation in der Eurozone noch nicht auf dem R\u00fcckzug ist - SmartTrader","isPartOf":{"@id":"https:\/\/smarttrader.community\/de\/#website"},"primaryImageOfPage":{"@id":"https:\/\/smarttrader.community\/de\/taglicher-marktuberblick\/deutsche-spanische-inflationsdaten-verstaerken-sorge-dass-die-inflation-in-der-eurozone-noch-nicht-auf-dem-rueckzug-ist\/#primaryimage"},"image":{"@id":"https:\/\/smarttrader.community\/de\/taglicher-marktuberblick\/deutsche-spanische-inflationsdaten-verstaerken-sorge-dass-die-inflation-in-der-eurozone-noch-nicht-auf-dem-rueckzug-ist\/#primaryimage"},"thumbnailUrl":"https:\/\/smarttrader.community\/wp-content\/uploads\/2023\/08\/images-16.jpg","datePublished":"2023-08-30T09:12:53+00:00","dateModified":"2023-08-30T09:20:50+00:00","author":{"@id":"https:\/\/smarttrader.community\/de\/#\/schema\/person\/bfe0c456aafbdc04b9707983e59c4e05"},"description":"Deutsche & spanische Inflationsdaten verst\u00e4rken Sorge, dass die Inflation in der Eurozone noch nicht auf dem R\u00fcckzug ist...","breadcrumb":{"@id":"https:\/\/smarttrader.community\/de\/taglicher-marktuberblick\/deutsche-spanische-inflationsdaten-verstaerken-sorge-dass-die-inflation-in-der-eurozone-noch-nicht-auf-dem-rueckzug-ist\/#breadcrumb"},"inLanguage":"de","potentialAction":[{"@type":"ReadAction","target":["https:\/\/smarttrader.community\/de\/taglicher-marktuberblick\/deutsche-spanische-inflationsdaten-verstaerken-sorge-dass-die-inflation-in-der-eurozone-noch-nicht-auf-dem-rueckzug-ist\/"]}]},{"@type":"ImageObject","inLanguage":"de","@id":"https:\/\/smarttrader.community\/de\/taglicher-marktuberblick\/deutsche-spanische-inflationsdaten-verstaerken-sorge-dass-die-inflation-in-der-eurozone-noch-nicht-auf-dem-rueckzug-ist\/#primaryimage","url":"https:\/\/smarttrader.community\/wp-content\/uploads\/2023\/08\/images-16.jpg","contentUrl":"https:\/\/smarttrader.community\/wp-content\/uploads\/2023\/08\/images-16.jpg","width":800,"height":500},{"@type":"BreadcrumbList","@id":"https:\/\/smarttrader.community\/de\/taglicher-marktuberblick\/deutsche-spanische-inflationsdaten-verstaerken-sorge-dass-die-inflation-in-der-eurozone-noch-nicht-auf-dem-rueckzug-ist\/#breadcrumb","itemListElement":[{"@type":"ListItem","position":1,"name":"Home","item":"https:\/\/smarttrader.community\/de\/"},{"@type":"ListItem","position":2,"name":"Deutsche &amp; spanische Inflationsdaten verst\u00e4rken Sorge, dass die Inflation in der Eurozone noch nicht auf dem R\u00fcckzug ist"}]},{"@type":"WebSite","@id":"https:\/\/smarttrader.community\/de\/#website","url":"https:\/\/smarttrader.community\/de\/","name":"SmartTrader","description":"","potentialAction":[{"@type":"SearchAction","target":{"@type":"EntryPoint","urlTemplate":"https:\/\/smarttrader.community\/de\/?s={search_term_string}"},"query-input":{"@type":"PropertyValueSpecification","valueRequired":true,"valueName":"search_term_string"}}],"inLanguage":"de"},{"@type":"Person","@id":"https:\/\/smarttrader.community\/de\/#\/schema\/person\/bfe0c456aafbdc04b9707983e59c4e05","name":"SmartTrader Analyst Team","image":{"@type":"ImageObject","inLanguage":"de","@id":"https:\/\/smarttrader.community\/de\/#\/schema\/person\/image\/","url":"https:\/\/smarttrader.community\/wp-content\/uploads\/2023\/03\/admin_avatar_3-96x96.png","contentUrl":"https:\/\/smarttrader.community\/wp-content\/uploads\/2023\/03\/admin_avatar_3-96x96.png","caption":"SmartTrader Analyst Team"},"sameAs":["https:\/\/smarttrader.community"],"url":"https:\/\/smarttrader.community\/de\/author\/admin\/"}]}},"_links":{"self":[{"href":"https:\/\/smarttrader.community\/de\/wp-json\/wp\/v2\/posts\/21566","targetHints":{"allow":["GET"]}}],"collection":[{"href":"https:\/\/smarttrader.community\/de\/wp-json\/wp\/v2\/posts"}],"about":[{"href":"https:\/\/smarttrader.community\/de\/wp-json\/wp\/v2\/types\/post"}],"author":[{"embeddable":true,"href":"https:\/\/smarttrader.community\/de\/wp-json\/wp\/v2\/users\/1"}],"replies":[{"embeddable":true,"href":"https:\/\/smarttrader.community\/de\/wp-json\/wp\/v2\/comments?post=21566"}],"version-history":[{"count":0,"href":"https:\/\/smarttrader.community\/de\/wp-json\/wp\/v2\/posts\/21566\/revisions"}],"wp:featuredmedia":[{"embeddable":true,"href":"https:\/\/smarttrader.community\/de\/wp-json\/wp\/v2\/media\/21195"}],"wp:attachment":[{"href":"https:\/\/smarttrader.community\/de\/wp-json\/wp\/v2\/media?parent=21566"}],"wp:term":[{"taxonomy":"category","embeddable":true,"href":"https:\/\/smarttrader.community\/de\/wp-json\/wp\/v2\/categories?post=21566"},{"taxonomy":"post_tag","embeddable":true,"href":"https:\/\/smarttrader.community\/de\/wp-json\/wp\/v2\/tags?post=21566"}],"curies":[{"name":"wp","href":"https:\/\/api.w.org\/{rel}","templated":true}]}}