{"id":40302,"date":"2024-06-17T13:12:28","date_gmt":"2024-06-17T13:12:28","guid":{"rendered":"https:\/\/smarttrader.community\/?p=40302"},"modified":"2024-06-17T13:16:29","modified_gmt":"2024-06-17T13:16:29","slug":"marktstimmung-weiter-vorsichtig-nach-verlusten-in-europa-politischer-ungewissheit","status":"publish","type":"post","link":"https:\/\/smarttrader.community\/de\/taegliche-aktualisierungen\/marktstimmung-weiter-vorsichtig-nach-verlusten-in-europa-politischer-ungewissheit\/","title":{"rendered":"Marktstimmung weiter vorsichtig nach Verlusten in Europa \/ politischer Ungewissheit"},"content":{"rendered":"\n<p>Die <strong>globalen Aktien und Anleihen bleiben unter Druck<\/strong> und gaben einen <strong>Gro\u00dfteil der anf\u00e4nglichen Gewinne wieder ab<\/strong>, die durch das Versprechen der franz\u00f6sischen Rechtsextremistin Marine le Pen ausgel\u00f6st wurden, die politischen Institutionen zu respektieren, falls sie die bevorstehenden Parlamentswahlen gewinnt. Wir sehen die <strong>Wall Street leicht im Minus<\/strong> (S&P 500 &#8211; 0,1 % vorb\u00f6rslich), und auch die <strong>Aktien in Europa gaben ihre fr\u00fchen Gewinne wieder ab.<\/strong><\/p>\n\n\n\n<p>An einem eher ruhigen Tag bleibt die<strong> vorsichtige Stimmung erhalten<\/strong>, da sich die Aktien nur schwer von dem Ausverkauf der letzten Woche erholen k\u00f6nnen, der durch die Forderung des franz\u00f6sischen Pr\u00e4sidenten Emmanuel <strong>Macron <\/strong>nach vorgezogenen Wahlen ausgel\u00f6st wurde, die rechten Gruppen wie Le Pens Nationale Rallye Gewinne bringen k\u00f6nnten. Die M\u00e4rkte sind nach wie vor nerv\u00f6s wegen des <strong>erh\u00f6hten politischen Risikos<\/strong>, das die Situation in Frankreich darstellt. Vieles deutet darauf hin, dass die Instabilit\u00e4t in Frankreich nach den Wahlen zunehmen wird, die auch ein Risiko f\u00fcr Macrons wichtige, aber weithin unpopul\u00e4re Wirtschaftsreformen darstellen.<\/p>\n\n\n\n<p>W\u00e4hrend die M\u00e4rkte in Europa <strong>kurzfristig \u00fcberverkauft<\/strong> zu sein scheinen, wird es sehr schwer sein, vor dem ersten Wahlgang am 30. Juni eine deutliche Erholung einzuleiten. Die <strong>anhaltende politische Unsicherheit macht Aktien in Europa und insbesondere in Frankreich vorerst unattraktiv<\/strong>. Auch Analysten, wie heute von der Citigroup, warnten, dass eine m\u00f6gliche rechtsextreme Mehrheit oder eine weitere Koalition mit linken Parteien in Frankreich ein gro\u00dfes Risiko bleibt.<\/p>\n\n\n\n<p>Unterdessen h\u00f6ren die Investoren auch auf weitere Aussagen von Fed-Vertretern. Der Pr\u00e4sident der Minneapolis Federal Reserve, Neel <strong>Kashkari<\/strong>, sagte am Sonntag, es sei eine &#8222;vern\u00fcnftige Vorhersage&#8220;, dass die Fed die Zinss\u00e4tze in diesem Jahr einmal senken und damit bis Dezember warten werde.<\/p>\n\n\n\n<p>Auch geldpolitische Bef\u00fcrchtungen belasten die Marktstimmung im Vorfeld der Zinsentscheidungen einiger Zentralbanken in dieser Woche, darunter die<strong> Bank of England<\/strong> (Donnerstag) sowie die australische und norwegische Zentralbank. Die eher hawkischen Kommentare dieser Zentralbanken und die Tatsache, dass sie es nicht eilig haben, die Zinsen zu senken, k\u00f6nnten die Stimmung an den M\u00e4rkten weiter belasten, zumal sich die Wall Street immer noch in der N\u00e4he ihrer Allzeithochs befindet.<\/p>\n\n\n\n<p><strong>H\u00f6here Renditen, weiterhin Nachfrage nach dem USD<\/strong> und die <strong>vorsichtige Stimmung belasten die Rohstoffpreise<\/strong>, einschlie\u00dflich <strong>Gold<\/strong>. Die <strong>\u00d6lpreise <\/strong>werden weiterhin durch die Erwartung einer steigenden \u00d6lnachfrage und ein derzeit leichtes Angebotsdefizit gest\u00fctzt.<\/p>\n\n\n\n<p><strong>\ud83d\udc41 ROB'S MARKT\u00dcBERSICHT:<\/strong><\/p>\n\n\n\n<ol class=\"wp-block-list\" start=\"17\">\n<li>Juni 2024<\/li>\n<\/ol>\n\n\n\n<p>\ud83c\udf10\/\ud83c\uddfa\ud83c\uddf8 <strong>Globale M\u00e4rkte <\/strong><em>\u27a1\ufe0f\/\u2198\ufe0f<br>Zyklische \/ Luxusaktien \u27a1\ufe0f\/\u2198\ufe0f<br>Tech-\/Wachstumsaktien \u2195\ufe0f<br>Finanzaktien \u27a1\ufe0f<br>Defensive Aktien \u27a1\ufe0f<br>Energieaktien \u27a1\ufe0f<br>Rohstoff-Aktien \u2198\ufe0f<\/em><\/p>\n\n\n\n<p>\ud83d\udcb1 <strong>Forex<\/strong><br><em>EUR \u2197\ufe0f\/\u2195\ufe0f (profitiert von \u00fcberverkauften Bedingungen nach starkem R\u00fcckgang der letzten Woche; bleibt unter Druck)<br>USD \u27a1\ufe0f\/\u2197\ufe0f<br>CAD \u27a1\ufe0f<br>GBP, CHF \u2198\ufe0f\/\u27a1\ufe0f<br>AUD \u2198\ufe0f (Gegenwinde durch erh\u00f6hte Nachfrage nach sicheren H\u00e4fen, Unsicherheit in Europa)<br>JPY \u2198\ufe0f (Gegenwinde durch weiterhin akkommodierende Bank of Japan \/ Erwartungen langsamerer Zinssenkungen in den USA \/ Europa)<\/em><\/p>\n\n\n\n<p>\u2692 <strong>Rohstoffm\u00e4rkte<\/strong><em><strong> <\/strong>\u2195\ufe0f\/\u2198\ufe0f<br>\u00d6lpreise \u2195\ufe0f (Aufw\u00e4rtspotenzial scheint begrenzt angesichts wachsender Bedenken \u00fcber l\u00e4nger hohe Zinsen)<br>Erdgaspreise \u2198\ufe0f<br>Metallpreise \u2198\ufe0f<br>Gold \u2198\ufe0f\/\u27a1\ufe0f (b\u00e4rische Tendenz, da Gold sich nicht von $2.300 entfernen kann)<\/em><\/p>\n\n\n\n<p>\u26a1\ufe0f<strong>Kryptos<\/strong><em><strong> <\/strong>\u2195\ufe0f (Bedenken \u00fcber l\u00e4nger hohe Zinsen belasten Kryptos; Bitcoin mit Unterst\u00fctzung bei $65K)<\/em><\/p>\n\n\n\n<p><em>(*\u2197\ufe0f bullisch, \u2198\ufe0f b\u00e4risch, \u27a1\ufe0f seitw\u00e4rts \/ stabil, \u2195\ufe0f gemischt \/ volatil)<\/em><\/p>\n\n\n\n<p>Dein <strong>Robert<\/strong><\/p>\n","protected":false},"excerpt":{"rendered":"<p>Die globalen Aktien und Anleihen bleiben unter Druck und gaben einen Gro\u00dfteil der anf\u00e4nglichen Gewinne wieder ab, die durch das&#8230;<\/p>\n","protected":false},"author":663,"featured_media":40300,"comment_status":"open","ping_status":"open","sticky":false,"template":"","format":"standard","meta":{"content-type":"","pmpro_default_level":"","_daextam_enable_autolinks":"1","footnotes":""},"categories":[117],"tags":[],"class_list":{"0":"post-40302","1":"post","2":"type-post","3":"status-publish","4":"format-standard","5":"has-post-thumbnail","7":"category-taegliche-aktualisierungen","8":"pmpro-has-access"},"yoast_head":"<!-- This site is optimized with the Yoast SEO plugin v26.8 - https:\/\/yoast.com\/product\/yoast-seo-wordpress\/ -->\n<title>Marktstimmung weiter vorsichtig nach Verlusten in Europa \/ politischer Ungewissheit - SmartTrader<\/title>\n<meta name=\"description\" content=\"Marktstimmung weiter vorsichtig nach Verlusten in Europa \/ politischer Ungewissheit. Die globalen Aktien und Anleihen bleiben unter Druck...\" \/>\n<meta name=\"robots\" content=\"index, follow, max-snippet:-1, max-image-preview:large, max-video-preview:-1\" \/>\n<link rel=\"canonical\" href=\"https:\/\/smarttrader.community\/de\/taegliche-aktualisierungen\/marktstimmung-weiter-vorsichtig-nach-verlusten-in-europa-politischer-ungewissheit\/\" \/>\n<meta property=\"og:locale\" content=\"de_DE\" \/>\n<meta property=\"og:type\" content=\"article\" \/>\n<meta property=\"og:title\" content=\"Marktstimmung weiter vorsichtig nach Verlusten in Europa \/ politischer Ungewissheit - SmartTrader\" \/>\n<meta property=\"og:description\" content=\"Marktstimmung weiter vorsichtig nach Verlusten in Europa \/ politischer Ungewissheit. Die globalen Aktien und Anleihen bleiben unter Druck...\" \/>\n<meta property=\"og:url\" content=\"https:\/\/smarttrader.community\/de\/taegliche-aktualisierungen\/marktstimmung-weiter-vorsichtig-nach-verlusten-in-europa-politischer-ungewissheit\/\" \/>\n<meta property=\"og:site_name\" content=\"SmartTrader\" \/>\n<meta property=\"article:published_time\" content=\"2024-06-17T13:12:28+00:00\" \/>\n<meta property=\"article:modified_time\" content=\"2024-06-17T13:16:29+00:00\" \/>\n<meta property=\"og:image\" content=\"https:\/\/smarttrader.community\/wp-content\/uploads\/2024\/06\/Web-Blog-Template17.06.2024_TITLE_.webp\" \/>\n\t<meta property=\"og:image:width\" content=\"1080\" \/>\n\t<meta property=\"og:image:height\" content=\"720\" \/>\n\t<meta property=\"og:image:type\" content=\"image\/webp\" \/>\n<meta name=\"author\" content=\"Robert Lindner\" \/>\n<meta name=\"twitter:card\" content=\"summary_large_image\" \/>\n<meta name=\"twitter:label1\" content=\"Verfasst von\" \/>\n\t<meta name=\"twitter:data1\" content=\"Robert Lindner\" \/>\n\t<meta name=\"twitter:label2\" content=\"Gesch\u00e4tzte Lesezeit\" \/>\n\t<meta name=\"twitter:data2\" content=\"3\u00a0Minuten\" \/>\n<script type=\"application\/ld+json\" class=\"yoast-schema-graph\">{\"@context\":\"https:\/\/schema.org\",\"@graph\":[{\"@type\":\"Article\",\"@id\":\"https:\/\/smarttrader.community\/de\/taegliche-aktualisierungen\/marktstimmung-weiter-vorsichtig-nach-verlusten-in-europa-politischer-ungewissheit\/#article\",\"isPartOf\":{\"@id\":\"https:\/\/smarttrader.community\/de\/taegliche-aktualisierungen\/marktstimmung-weiter-vorsichtig-nach-verlusten-in-europa-politischer-ungewissheit\/\"},\"author\":{\"name\":\"Robert Lindner\",\"@id\":\"https:\/\/smarttrader.community\/de\/#\/schema\/person\/4f791355f3f400fd2dd91d9c57c4c067\"},\"headline\":\"Marktstimmung weiter vorsichtig nach Verlusten in Europa \/ politischer Ungewissheit\",\"datePublished\":\"2024-06-17T13:12:28+00:00\",\"dateModified\":\"2024-06-17T13:16:29+00:00\",\"mainEntityOfPage\":{\"@id\":\"https:\/\/smarttrader.community\/de\/taegliche-aktualisierungen\/marktstimmung-weiter-vorsichtig-nach-verlusten-in-europa-politischer-ungewissheit\/\"},\"wordCount\":523,\"commentCount\":0,\"image\":{\"@id\":\"https:\/\/smarttrader.community\/de\/taegliche-aktualisierungen\/marktstimmung-weiter-vorsichtig-nach-verlusten-in-europa-politischer-ungewissheit\/#primaryimage\"},\"thumbnailUrl\":\"https:\/\/smarttrader.community\/wp-content\/uploads\/2024\/06\/Web-Blog-Template17.06.2024_TITLE_.webp\",\"articleSection\":[\"T\u00e4gliche Aktualisierungen\"],\"inLanguage\":\"de\",\"potentialAction\":[{\"@type\":\"CommentAction\",\"name\":\"Comment\",\"target\":[\"https:\/\/smarttrader.community\/de\/taegliche-aktualisierungen\/marktstimmung-weiter-vorsichtig-nach-verlusten-in-europa-politischer-ungewissheit\/#respond\"]}]},{\"@type\":\"WebPage\",\"@id\":\"https:\/\/smarttrader.community\/de\/taegliche-aktualisierungen\/marktstimmung-weiter-vorsichtig-nach-verlusten-in-europa-politischer-ungewissheit\/\",\"url\":\"https:\/\/smarttrader.community\/de\/taegliche-aktualisierungen\/marktstimmung-weiter-vorsichtig-nach-verlusten-in-europa-politischer-ungewissheit\/\",\"name\":\"Marktstimmung weiter vorsichtig nach Verlusten in Europa \/ politischer Ungewissheit - SmartTrader\",\"isPartOf\":{\"@id\":\"https:\/\/smarttrader.community\/de\/#website\"},\"primaryImageOfPage\":{\"@id\":\"https:\/\/smarttrader.community\/de\/taegliche-aktualisierungen\/marktstimmung-weiter-vorsichtig-nach-verlusten-in-europa-politischer-ungewissheit\/#primaryimage\"},\"image\":{\"@id\":\"https:\/\/smarttrader.community\/de\/taegliche-aktualisierungen\/marktstimmung-weiter-vorsichtig-nach-verlusten-in-europa-politischer-ungewissheit\/#primaryimage\"},\"thumbnailUrl\":\"https:\/\/smarttrader.community\/wp-content\/uploads\/2024\/06\/Web-Blog-Template17.06.2024_TITLE_.webp\",\"datePublished\":\"2024-06-17T13:12:28+00:00\",\"dateModified\":\"2024-06-17T13:16:29+00:00\",\"author\":{\"@id\":\"https:\/\/smarttrader.community\/de\/#\/schema\/person\/4f791355f3f400fd2dd91d9c57c4c067\"},\"description\":\"Marktstimmung weiter vorsichtig nach Verlusten in Europa \/ politischer Ungewissheit. Die globalen Aktien und Anleihen bleiben unter Druck...\",\"breadcrumb\":{\"@id\":\"https:\/\/smarttrader.community\/de\/taegliche-aktualisierungen\/marktstimmung-weiter-vorsichtig-nach-verlusten-in-europa-politischer-ungewissheit\/#breadcrumb\"},\"inLanguage\":\"de\",\"potentialAction\":[{\"@type\":\"ReadAction\",\"target\":[\"https:\/\/smarttrader.community\/de\/taegliche-aktualisierungen\/marktstimmung-weiter-vorsichtig-nach-verlusten-in-europa-politischer-ungewissheit\/\"]}]},{\"@type\":\"ImageObject\",\"inLanguage\":\"de\",\"@id\":\"https:\/\/smarttrader.community\/de\/taegliche-aktualisierungen\/marktstimmung-weiter-vorsichtig-nach-verlusten-in-europa-politischer-ungewissheit\/#primaryimage\",\"url\":\"https:\/\/smarttrader.community\/wp-content\/uploads\/2024\/06\/Web-Blog-Template17.06.2024_TITLE_.webp\",\"contentUrl\":\"https:\/\/smarttrader.community\/wp-content\/uploads\/2024\/06\/Web-Blog-Template17.06.2024_TITLE_.webp\",\"width\":1080,\"height\":720},{\"@type\":\"BreadcrumbList\",\"@id\":\"https:\/\/smarttrader.community\/de\/taegliche-aktualisierungen\/marktstimmung-weiter-vorsichtig-nach-verlusten-in-europa-politischer-ungewissheit\/#breadcrumb\",\"itemListElement\":[{\"@type\":\"ListItem\",\"position\":1,\"name\":\"Home\",\"item\":\"https:\/\/smarttrader.community\/de\/\"},{\"@type\":\"ListItem\",\"position\":2,\"name\":\"Marktstimmung weiter vorsichtig nach Verlusten in Europa \/ politischer Ungewissheit\"}]},{\"@type\":\"WebSite\",\"@id\":\"https:\/\/smarttrader.community\/de\/#website\",\"url\":\"https:\/\/smarttrader.community\/de\/\",\"name\":\"SmartTrader\",\"description\":\"\",\"potentialAction\":[{\"@type\":\"SearchAction\",\"target\":{\"@type\":\"EntryPoint\",\"urlTemplate\":\"https:\/\/smarttrader.community\/de\/?s={search_term_string}\"},\"query-input\":{\"@type\":\"PropertyValueSpecification\",\"valueRequired\":true,\"valueName\":\"search_term_string\"}}],\"inLanguage\":\"de\"},{\"@type\":\"Person\",\"@id\":\"https:\/\/smarttrader.community\/de\/#\/schema\/person\/4f791355f3f400fd2dd91d9c57c4c067\",\"name\":\"Robert Lindner\",\"image\":{\"@type\":\"ImageObject\",\"inLanguage\":\"de\",\"@id\":\"https:\/\/smarttrader.community\/de\/#\/schema\/person\/image\/\",\"url\":\"https:\/\/smarttrader.community\/wp-content\/uploads\/2023\/05\/robert-lindner_avatar_1-96x96.png\",\"contentUrl\":\"https:\/\/smarttrader.community\/wp-content\/uploads\/2023\/05\/robert-lindner_avatar_1-96x96.png\",\"caption\":\"Robert Lindner\"},\"sameAs\":[\"https:\/\/wwww.smarttrader.community\/\"],\"url\":\"https:\/\/smarttrader.community\/de\/author\/robert_smarttrader\/\"}]}<\/script>\n<!-- \/ Yoast SEO plugin. -->","yoast_head_json":{"title":"Marktstimmung weiter vorsichtig nach Verlusten in Europa \/ politischer Ungewissheit - SmartTrader","description":"Marktstimmung weiter vorsichtig nach Verlusten in Europa \/ politischer Ungewissheit. Die globalen Aktien und Anleihen bleiben unter Druck...","robots":{"index":"index","follow":"follow","max-snippet":"max-snippet:-1","max-image-preview":"max-image-preview:large","max-video-preview":"max-video-preview:-1"},"canonical":"https:\/\/smarttrader.community\/de\/taegliche-aktualisierungen\/marktstimmung-weiter-vorsichtig-nach-verlusten-in-europa-politischer-ungewissheit\/","og_locale":"de_DE","og_type":"article","og_title":"Marktstimmung weiter vorsichtig nach Verlusten in Europa \/ politischer Ungewissheit - SmartTrader","og_description":"Marktstimmung weiter vorsichtig nach Verlusten in Europa \/ politischer Ungewissheit. Die globalen Aktien und Anleihen bleiben unter Druck...","og_url":"https:\/\/smarttrader.community\/de\/taegliche-aktualisierungen\/marktstimmung-weiter-vorsichtig-nach-verlusten-in-europa-politischer-ungewissheit\/","og_site_name":"SmartTrader","article_published_time":"2024-06-17T13:12:28+00:00","article_modified_time":"2024-06-17T13:16:29+00:00","og_image":[{"width":1080,"height":720,"url":"https:\/\/smarttrader.community\/wp-content\/uploads\/2024\/06\/Web-Blog-Template17.06.2024_TITLE_.webp","type":"image\/webp"}],"author":"Robert Lindner","twitter_card":"summary_large_image","twitter_misc":{"Verfasst von":"Robert Lindner","Gesch\u00e4tzte Lesezeit":"3\u00a0Minuten"},"schema":{"@context":"https:\/\/schema.org","@graph":[{"@type":"Article","@id":"https:\/\/smarttrader.community\/de\/taegliche-aktualisierungen\/marktstimmung-weiter-vorsichtig-nach-verlusten-in-europa-politischer-ungewissheit\/#article","isPartOf":{"@id":"https:\/\/smarttrader.community\/de\/taegliche-aktualisierungen\/marktstimmung-weiter-vorsichtig-nach-verlusten-in-europa-politischer-ungewissheit\/"},"author":{"name":"Robert Lindner","@id":"https:\/\/smarttrader.community\/de\/#\/schema\/person\/4f791355f3f400fd2dd91d9c57c4c067"},"headline":"Marktstimmung weiter vorsichtig nach Verlusten in Europa \/ politischer Ungewissheit","datePublished":"2024-06-17T13:12:28+00:00","dateModified":"2024-06-17T13:16:29+00:00","mainEntityOfPage":{"@id":"https:\/\/smarttrader.community\/de\/taegliche-aktualisierungen\/marktstimmung-weiter-vorsichtig-nach-verlusten-in-europa-politischer-ungewissheit\/"},"wordCount":523,"commentCount":0,"image":{"@id":"https:\/\/smarttrader.community\/de\/taegliche-aktualisierungen\/marktstimmung-weiter-vorsichtig-nach-verlusten-in-europa-politischer-ungewissheit\/#primaryimage"},"thumbnailUrl":"https:\/\/smarttrader.community\/wp-content\/uploads\/2024\/06\/Web-Blog-Template17.06.2024_TITLE_.webp","articleSection":["T\u00e4gliche Aktualisierungen"],"inLanguage":"de","potentialAction":[{"@type":"CommentAction","name":"Comment","target":["https:\/\/smarttrader.community\/de\/taegliche-aktualisierungen\/marktstimmung-weiter-vorsichtig-nach-verlusten-in-europa-politischer-ungewissheit\/#respond"]}]},{"@type":"WebPage","@id":"https:\/\/smarttrader.community\/de\/taegliche-aktualisierungen\/marktstimmung-weiter-vorsichtig-nach-verlusten-in-europa-politischer-ungewissheit\/","url":"https:\/\/smarttrader.community\/de\/taegliche-aktualisierungen\/marktstimmung-weiter-vorsichtig-nach-verlusten-in-europa-politischer-ungewissheit\/","name":"Marktstimmung weiter vorsichtig nach Verlusten in Europa \/ politischer Ungewissheit - SmartTrader","isPartOf":{"@id":"https:\/\/smarttrader.community\/de\/#website"},"primaryImageOfPage":{"@id":"https:\/\/smarttrader.community\/de\/taegliche-aktualisierungen\/marktstimmung-weiter-vorsichtig-nach-verlusten-in-europa-politischer-ungewissheit\/#primaryimage"},"image":{"@id":"https:\/\/smarttrader.community\/de\/taegliche-aktualisierungen\/marktstimmung-weiter-vorsichtig-nach-verlusten-in-europa-politischer-ungewissheit\/#primaryimage"},"thumbnailUrl":"https:\/\/smarttrader.community\/wp-content\/uploads\/2024\/06\/Web-Blog-Template17.06.2024_TITLE_.webp","datePublished":"2024-06-17T13:12:28+00:00","dateModified":"2024-06-17T13:16:29+00:00","author":{"@id":"https:\/\/smarttrader.community\/de\/#\/schema\/person\/4f791355f3f400fd2dd91d9c57c4c067"},"description":"Marktstimmung weiter vorsichtig nach Verlusten in Europa \/ politischer Ungewissheit. Die globalen Aktien und Anleihen bleiben unter Druck...","breadcrumb":{"@id":"https:\/\/smarttrader.community\/de\/taegliche-aktualisierungen\/marktstimmung-weiter-vorsichtig-nach-verlusten-in-europa-politischer-ungewissheit\/#breadcrumb"},"inLanguage":"de","potentialAction":[{"@type":"ReadAction","target":["https:\/\/smarttrader.community\/de\/taegliche-aktualisierungen\/marktstimmung-weiter-vorsichtig-nach-verlusten-in-europa-politischer-ungewissheit\/"]}]},{"@type":"ImageObject","inLanguage":"de","@id":"https:\/\/smarttrader.community\/de\/taegliche-aktualisierungen\/marktstimmung-weiter-vorsichtig-nach-verlusten-in-europa-politischer-ungewissheit\/#primaryimage","url":"https:\/\/smarttrader.community\/wp-content\/uploads\/2024\/06\/Web-Blog-Template17.06.2024_TITLE_.webp","contentUrl":"https:\/\/smarttrader.community\/wp-content\/uploads\/2024\/06\/Web-Blog-Template17.06.2024_TITLE_.webp","width":1080,"height":720},{"@type":"BreadcrumbList","@id":"https:\/\/smarttrader.community\/de\/taegliche-aktualisierungen\/marktstimmung-weiter-vorsichtig-nach-verlusten-in-europa-politischer-ungewissheit\/#breadcrumb","itemListElement":[{"@type":"ListItem","position":1,"name":"Home","item":"https:\/\/smarttrader.community\/de\/"},{"@type":"ListItem","position":2,"name":"Marktstimmung weiter vorsichtig nach Verlusten in Europa \/ politischer Ungewissheit"}]},{"@type":"WebSite","@id":"https:\/\/smarttrader.community\/de\/#website","url":"https:\/\/smarttrader.community\/de\/","name":"SmartTrader","description":"","potentialAction":[{"@type":"SearchAction","target":{"@type":"EntryPoint","urlTemplate":"https:\/\/smarttrader.community\/de\/?s={search_term_string}"},"query-input":{"@type":"PropertyValueSpecification","valueRequired":true,"valueName":"search_term_string"}}],"inLanguage":"de"},{"@type":"Person","@id":"https:\/\/smarttrader.community\/de\/#\/schema\/person\/4f791355f3f400fd2dd91d9c57c4c067","name":"Robert Lindner","image":{"@type":"ImageObject","inLanguage":"de","@id":"https:\/\/smarttrader.community\/de\/#\/schema\/person\/image\/","url":"https:\/\/smarttrader.community\/wp-content\/uploads\/2023\/05\/robert-lindner_avatar_1-96x96.png","contentUrl":"https:\/\/smarttrader.community\/wp-content\/uploads\/2023\/05\/robert-lindner_avatar_1-96x96.png","caption":"Robert Lindner"},"sameAs":["https:\/\/wwww.smarttrader.community\/"],"url":"https:\/\/smarttrader.community\/de\/author\/robert_smarttrader\/"}]}},"_links":{"self":[{"href":"https:\/\/smarttrader.community\/de\/wp-json\/wp\/v2\/posts\/40302","targetHints":{"allow":["GET"]}}],"collection":[{"href":"https:\/\/smarttrader.community\/de\/wp-json\/wp\/v2\/posts"}],"about":[{"href":"https:\/\/smarttrader.community\/de\/wp-json\/wp\/v2\/types\/post"}],"author":[{"embeddable":true,"href":"https:\/\/smarttrader.community\/de\/wp-json\/wp\/v2\/users\/663"}],"replies":[{"embeddable":true,"href":"https:\/\/smarttrader.community\/de\/wp-json\/wp\/v2\/comments?post=40302"}],"version-history":[{"count":0,"href":"https:\/\/smarttrader.community\/de\/wp-json\/wp\/v2\/posts\/40302\/revisions"}],"wp:featuredmedia":[{"embeddable":true,"href":"https:\/\/smarttrader.community\/de\/wp-json\/wp\/v2\/media\/40300"}],"wp:attachment":[{"href":"https:\/\/smarttrader.community\/de\/wp-json\/wp\/v2\/media?parent=40302"}],"wp:term":[{"taxonomy":"category","embeddable":true,"href":"https:\/\/smarttrader.community\/de\/wp-json\/wp\/v2\/categories?post=40302"},{"taxonomy":"post_tag","embeddable":true,"href":"https:\/\/smarttrader.community\/de\/wp-json\/wp\/v2\/tags?post=40302"}],"curies":[{"name":"wp","href":"https:\/\/api.w.org\/{rel}","templated":true}]}}